{"id":9891,"date":"2022-01-25T00:43:33","date_gmt":"2022-01-25T00:43:33","guid":{"rendered":"https:\/\/colorectalcc.wpengine.com\/non-classifiee\/interview-jason-from-man-up-to-cancer\/"},"modified":"2024-08-06T19:30:52","modified_gmt":"2024-08-06T19:30:52","slug":"jason-de-man-up-to-cancer","status":"publish","type":"post","link":"https:\/\/www.colorectalcancercanada.com\/fr\/blogue\/jason-de-man-up-to-cancer\/","title":{"rendered":"Jason de Man Up to Cancer"},"content":{"rendered":"<p>Jason Abramovitch est un survivant du cancer du c\u00f4lon de stade 3b \u00e0 un \u00e2ge pr\u00e9coce qui a re\u00e7u son diagnostic et a subi des traitements \u00e0 Ottawa, en Ontario, au milieu de la pand\u00e9mie de COVID 19. \u00c0 la recherche d&rsquo;un soutien virtuel tout au long de son exp\u00e9rience, Jason est tomb\u00e9 sur une communaut\u00e9 en ligne : <a href=\"https:\/\/www.manuptocancer.com\/\" target=\"_blank\" rel=\"noopener\">Man Up to Cancer<\/a> ; exclusivement pour les hommes qui ont \u00e9t\u00e9 touch\u00e9s par le cancer. Il attribue \u00e0 cette communaut\u00e9 l&rsquo;avoir aid\u00e9 \u00e0 traverser des moments tr\u00e8s difficiles, car cela l&rsquo;a uni \u00e0 d&rsquo;autres hommes traversant des exp\u00e9riences similaires et a supprim\u00e9 la stigmatisation des hommes cherchant un soutien \u00e9motionnel. Jason a depuis assum\u00e9 un r\u00f4le de leadership au sein de l&rsquo;organisation; en tant que chef de meute de loups. Rejoignez notre sp\u00e9cialiste du soutien aux patients\u00a0; Chana, alors qu&rsquo;elle parle avec Jason de l&rsquo;organisation et de son nouveau r\u00f4le.<\/p>\n<div class=\"video-shortcode\"><iframe title=\"Interview: Jason from Man Up to Cancer\" width=\"1200\" height=\"675\" src=\"https:\/\/www.youtube.com\/embed\/1L9zZcSD6CE?feature=oembed\" frameborder=\"0\" allow=\"accelerometer; autoplay; clipboard-write; encrypted-media; gyroscope; picture-in-picture; web-share\" referrerpolicy=\"strict-origin-when-cross-origin\" allowfullscreen><\/iframe><\/div>\n","protected":false},"excerpt":{"rendered":"<p>Jason Abramovitch est un survivant du cancer du c\u00f4lon de stade 3b \u00e0 un \u00e2ge pr\u00e9coce qui a re\u00e7u son diagnostic et a subi des traitements \u00e0 Ottawa, en Ontario, au milieu de la pand\u00e9mie de COVID 19. \u00c0 la recherche d&rsquo;un soutien virtuel tout au long de son exp\u00e9rience, <a href=\"https:\/\/www.colorectalcancercanada.com\/fr\/blogue\/jason-de-man-up-to-cancer\/\">&#8230;<\/a><\/p>\n","protected":false},"author":1,"featured_media":9578,"comment_status":"closed","ping_status":"closed","sticky":false,"template":"","format":"standard","meta":{"_price":"","_stock":"","_tribe_ticket_header":"","_tribe_default_ticket_provider":"","_tribe_ticket_capacity":"0","_ticket_start_date":"","_ticket_end_date":"","_tribe_ticket_show_description":"","_tribe_ticket_show_not_going":false,"_tribe_ticket_use_global_stock":"","_tribe_ticket_global_stock_level":"","_global_stock_mode":"","_global_stock_cap":"","_tribe_rsvp_for_event":"","_tribe_ticket_going_count":"","_tribe_ticket_not_going_count":"","_tribe_tickets_list":"[]","_tribe_ticket_has_attendee_info_fields":false,"footnotes":""},"categories":[42],"tags":[],"class_list":["post-9891","post","type-post","status-publish","format-standard","has-post-thumbnail","hentry","category-blogue"],"_links":{"self":[{"href":"https:\/\/www.colorectalcancercanada.com\/fr\/wp-json\/wp\/v2\/posts\/9891","targetHints":{"allow":["GET"]}}],"collection":[{"href":"https:\/\/www.colorectalcancercanada.com\/fr\/wp-json\/wp\/v2\/posts"}],"about":[{"href":"https:\/\/www.colorectalcancercanada.com\/fr\/wp-json\/wp\/v2\/types\/post"}],"author":[{"embeddable":true,"href":"https:\/\/www.colorectalcancercanada.com\/fr\/wp-json\/wp\/v2\/users\/1"}],"replies":[{"embeddable":true,"href":"https:\/\/www.colorectalcancercanada.com\/fr\/wp-json\/wp\/v2\/comments?post=9891"}],"version-history":[{"count":0,"href":"https:\/\/www.colorectalcancercanada.com\/fr\/wp-json\/wp\/v2\/posts\/9891\/revisions"}],"wp:featuredmedia":[{"embeddable":true,"href":"https:\/\/www.colorectalcancercanada.com\/fr\/wp-json\/wp\/v2\/media\/9578"}],"wp:attachment":[{"href":"https:\/\/www.colorectalcancercanada.com\/fr\/wp-json\/wp\/v2\/media?parent=9891"}],"wp:term":[{"taxonomy":"category","embeddable":true,"href":"https:\/\/www.colorectalcancercanada.com\/fr\/wp-json\/wp\/v2\/categories?post=9891"},{"taxonomy":"post_tag","embeddable":true,"href":"https:\/\/www.colorectalcancercanada.com\/fr\/wp-json\/wp\/v2\/tags?post=9891"}],"curies":[{"name":"wp","href":"https:\/\/api.w.org\/{rel}","templated":true}]}}