{"id":9881,"date":"2021-07-21T14:57:53","date_gmt":"2021-07-21T14:57:53","guid":{"rendered":"https:\/\/colorectalcc.wpengine.com\/non-classifiee\/colon-cancer-data-reinforce-need-to-reduce-unnecessary-antibiotic-use\/"},"modified":"2024-08-06T19:19:53","modified_gmt":"2024-08-06T19:19:53","slug":"les-donnees-sur-le-cancer-du-colon-viennent-renforcer-la-necessite-de-reduire-lutilisation-inutile-dantibiotiques","status":"publish","type":"post","link":"https:\/\/www.colorectalcancercanada.com\/fr\/blogue\/les-donnees-sur-le-cancer-du-colon-viennent-renforcer-la-necessite-de-reduire-lutilisation-inutile-dantibiotiques\/","title":{"rendered":"Les donn\u00e9es sur le cancer du c\u00f4lon viennent renforcer la n\u00e9cessit\u00e9 de r\u00e9duire l\u2019utilisation inutile d\u2019antibiotiques"},"content":{"rendered":"<p>De nouvelles conclusions provenant d\u2019une \u00e9tude pr\u00e9sent\u00e9e au Congr\u00e8s mondial sur le cancer gastro-intestinal 2021 (30 juin &#8211; 3 juillet) de la Soci\u00e9t\u00e9 europ\u00e9enne de m\u00e9decine oncologique (SEMO)(European Society for Medical Oncology (ESMO))sugg\u00e8rent que l\u2019utilisation excessive d\u2019antibiotiques pourrait augmenter le risque de cancer du c\u00f4lon, en particulier chez les personnes de moins de 50 ans<a href=\"#_ftn1\" name=\"_ftnref1\">[1]<\/a>. L\u2019\u00e9tude met l\u2019emphase sur le lien entre l\u2019augmentation estim\u00e9e de 65 % de la consommation mondiale d\u2019antibiotiques qui a \u00e9t\u00e9 rapport\u00e9e entre 2000 et 2015<a href=\"#_ftn2\" name=\"_ftnref2\">[2]<\/a> et l\u2019association avec le d\u00e9veloppement du cancer du c\u00f4lon.<\/p>\n<p>L\u2019\u00e9tude \u00e9cossaise a utilis\u00e9 une vaste base de donn\u00e9es contenant des informations sur les soins primaires de la sant\u00e9 provenant de pr\u00e8s de 2 millions de personnes dans le but d\u2019\u00e9tudier l\u2019association entre l\u2019utilisation d\u2019antibiotiques et le risque de d\u00e9velopper un cancer du c\u00f4lon. Parmi les 8000 personnes atteintes d\u2019un cancer du c\u00f4lon, les chercheurs ont constat\u00e9 que l\u2019utilisation d\u2019antibiotiques \u00e9tait li\u00e9e \u00e0 un risque accru de cancer du c\u00f4lon \u00e0 tous les \u00e2ges, de plus, le risque augmentait \u00e0 pr\u00e8s de 50 % chez les personnes de moins de 50 ans comparativement \u00e0 9 % chez les personnes de plus de 50 ans. Aussi, parmi de plus jeunes patients, l\u2019utilisation antibiotique a \u00e9t\u00e9 associ\u00e9e aux cancers au niveau du c\u00f4lon droit. Le cancer provenant du c\u00f4lon droit (c\u00f4lon ascendant, flexion h\u00e9patique et du c\u00f4lon transverse) tend \u00e0 avoir des pronostics et des r\u00e9sultats cliniques moins encourageants compar\u00e9s au cancer provenant du c\u00f4lon gauche (moiti\u00e9 du c\u00f4lon transversal, flexion spl\u00e9nique, c\u00f4lon descendant, et c\u00f4lon sigmo\u00efde)<a href=\"#_ftn3\" name=\"_ftnref3\">[3]<\/a>. Des quinolones, telles que la ciprofloxacine (Cipro) et les antibiotiques de sulfonamides\/trim\u00e9thoprime, qui sont utilis\u00e9s pour traiter une gamme d\u2019infections, ont \u00e9t\u00e9 associ\u00e9es au cancer du c\u00f4lon droit.<\/p>\n<p>Les chercheurs notent que les bact\u00e9ries qui s\u2019installent dans le c\u00f4lon droit peuvent \u00eatre tr\u00e8s diff\u00e9rentes des bact\u00e9ries qui se retrouvent dans d\u2019autres sections du c\u00f4lon. La totalit\u00e9 des microorganismes qui poussent dans notre tube digestif \u2013 le microbiome \u2013 est sont \u00e9tudi\u00e9es de tr\u00e8s pr\u00e8s afin de d\u00e9terminer s\u2019il existe un lien entre l\u2019utilisation des antibiotiques et les changements dans les populations de microorganismes qui peuvent augmenter le risque de cancer du c\u00f4lon.<\/p>\n<p>Bien qu\u2019il n\u2019ait pas encore \u00e9tait \u00e9tabli que l\u2019utilisation excessive d\u2019antibiotiques cause directement le cancer du c\u00f4lon, ces r\u00e9sultats d\u00e9montrent une association qui encourage l\u2019importance de la r\u00e9duire. La possibilit\u00e9 qu\u2019une utilisation excessive d\u2019antibiotiques expose les gens \u00e0 un risque plus \u00e9lev\u00e9 de cancer ne peut \u00eatre ignor\u00e9e.<\/p>\n<p><strong>Le message \u00e0 retenir: <\/strong><\/p>\n<p>Les r\u00e9sultats d\u2019une \u00e9tude r\u00e9cente ont r\u00e9v\u00e9l\u00e9 que l\u2019utilisation excessive d\u2019antibiotiques est li\u00e9e \u00e0 un risque accru de cancer du c\u00f4lon \u00e0 tous les \u00e2ges, avec une augmentation alarmante de 50 % du risque de cancer colorectal chez les personnes de moins de 50 ans.<\/p>\n<p><a href=\"#_ftnref1\" name=\"_ftn1\">[1]<\/a> Bowel cancer data reinforce need to reduce unnecessary antibiotic use. 2 Jul 2021. Retrieved from: https:\/\/www.esmo.org\/newsroom\/press-office\/bowel-cancer-data-reinforce-need-to-reduce-unnecessary-antibiotic-use<\/p>\n<p><a href=\"#_ftnref2\" name=\"_ftn2\">[2]<\/a> Klein EY et al. Global increase and geographic convergence in antibiotic consumption between 2000 and 2015.\u00a0<em>Proc Natl Acad Sci U S A<\/em>\u00a02018 Apr 10; 115:E3463. (<a href=\"https:\/\/doi.org\/10.1073\/pnas.1717295115\" target=\"_blank\" rel=\"noopener\">https:\/\/doi.org\/10.1073\/pnas.1717295115<\/a>)<\/p>\n<p><a href=\"#_ftnref3\" name=\"_ftn3\">[3]<\/a> Baran B et al. Difference between left-sided and right-sided colorectal cancer: a focused review of literature. <em>Gastroenterology Res. <\/em>2018 Aug; 11(4): 264-273. Published online 2018 Feb 8.\u00a0doi:\u00a0<a href=\"https:\/\/dx.doi.org\/10.14740%2Fgr1062w\" target=\"_blank\" rel=\"noopener\">10.14740\/gr1062w<\/a><\/p>\n","protected":false},"excerpt":{"rendered":"<p>De nouvelles conclusions provenant d\u2019une \u00e9tude pr\u00e9sent\u00e9e au Congr\u00e8s mondial sur le cancer gastro-intestinal 2021 (30 juin &#8211; 3 juillet) de la Soci\u00e9t\u00e9 europ\u00e9enne de m\u00e9decine oncologique (SEMO)(European Society for Medical Oncology (ESMO))sugg\u00e8rent que l\u2019utilisation excessive d\u2019antibiotiques pourrait augmenter le risque de cancer du c\u00f4lon, en particulier chez les personnes <a href=\"https:\/\/www.colorectalcancercanada.com\/fr\/blogue\/les-donnees-sur-le-cancer-du-colon-viennent-renforcer-la-necessite-de-reduire-lutilisation-inutile-dantibiotiques\/\">&#8230;<\/a><\/p>\n","protected":false},"author":1,"featured_media":9532,"comment_status":"closed","ping_status":"closed","sticky":false,"template":"","format":"standard","meta":{"_price":"","_stock":"","_tribe_ticket_header":"","_tribe_default_ticket_provider":"","_tribe_ticket_capacity":"0","_ticket_start_date":"","_ticket_end_date":"","_tribe_ticket_show_description":"","_tribe_ticket_show_not_going":false,"_tribe_ticket_use_global_stock":"","_tribe_ticket_global_stock_level":"","_global_stock_mode":"","_global_stock_cap":"","_tribe_rsvp_for_event":"","_tribe_ticket_going_count":"","_tribe_ticket_not_going_count":"","_tribe_tickets_list":"[]","_tribe_ticket_has_attendee_info_fields":false,"footnotes":""},"categories":[42],"tags":[],"class_list":["post-9881","post","type-post","status-publish","format-standard","has-post-thumbnail","hentry","category-blogue"],"_links":{"self":[{"href":"https:\/\/www.colorectalcancercanada.com\/fr\/wp-json\/wp\/v2\/posts\/9881","targetHints":{"allow":["GET"]}}],"collection":[{"href":"https:\/\/www.colorectalcancercanada.com\/fr\/wp-json\/wp\/v2\/posts"}],"about":[{"href":"https:\/\/www.colorectalcancercanada.com\/fr\/wp-json\/wp\/v2\/types\/post"}],"author":[{"embeddable":true,"href":"https:\/\/www.colorectalcancercanada.com\/fr\/wp-json\/wp\/v2\/users\/1"}],"replies":[{"embeddable":true,"href":"https:\/\/www.colorectalcancercanada.com\/fr\/wp-json\/wp\/v2\/comments?post=9881"}],"version-history":[{"count":0,"href":"https:\/\/www.colorectalcancercanada.com\/fr\/wp-json\/wp\/v2\/posts\/9881\/revisions"}],"wp:featuredmedia":[{"embeddable":true,"href":"https:\/\/www.colorectalcancercanada.com\/fr\/wp-json\/wp\/v2\/media\/9532"}],"wp:attachment":[{"href":"https:\/\/www.colorectalcancercanada.com\/fr\/wp-json\/wp\/v2\/media?parent=9881"}],"wp:term":[{"taxonomy":"category","embeddable":true,"href":"https:\/\/www.colorectalcancercanada.com\/fr\/wp-json\/wp\/v2\/categories?post=9881"},{"taxonomy":"post_tag","embeddable":true,"href":"https:\/\/www.colorectalcancercanada.com\/fr\/wp-json\/wp\/v2\/tags?post=9881"}],"curies":[{"name":"wp","href":"https:\/\/api.w.org\/{rel}","templated":true}]}}