{"id":9861,"date":"2020-11-03T20:33:47","date_gmt":"2020-11-03T20:33:47","guid":{"rendered":"https:\/\/colorectalcc.wpengine.com\/non-classifiee\/palliative-care-for-young-adults-is-a-growing-reality-in-crc\/"},"modified":"2024-08-06T19:01:17","modified_gmt":"2024-08-06T19:01:17","slug":"les-soins-palliatifs-pour-les-jeunes-adultes-atteints-de-ccr-sont-devenus-une-realite-de-nos-jours","status":"publish","type":"post","link":"https:\/\/www.colorectalcancercanada.com\/fr\/blogue\/les-soins-palliatifs-pour-les-jeunes-adultes-atteints-de-ccr-sont-devenus-une-realite-de-nos-jours\/","title":{"rendered":"Les soins palliatifs pour les jeunes adultes atteints de CCR sont devenus une r\u00e9alit\u00e9 de nos jours"},"content":{"rendered":"<p>L\u2019incidence du cancer colorectal (CCR) augmente continuellement chez les jeunes adultes qui repr\u00e9sentent un sous-groupe de patients vuln\u00e9rables ayant tendance d\u2019\u00eatre diagnostiqu\u00e9s \u00e0 des stades plus avanc\u00e9s de la maladie. Le fait que le cancer colorectal \u00e0 pr\u00e9sentation pr\u00e9coce devient une r\u00e9alit\u00e9 croissante, exige que l\u2019on se penche sur la n\u00e9cessit\u00e9 d\u2019introduire dans la gamme de soins et traitements lui \u00e9tant allou\u00e9e, des mesures r\u00e9pondant aux besoins psychologiques, palliatifs et de soutien exprim\u00e9s par les patients concern\u00e9s. En effet, les dimensions de soins palliatifs et d\u2019assistance psychosociale dans le domaine de l\u2019oncologie jouent un r\u00f4le crucial en se qui concerne l\u2019aide n\u00e9cessaire dont les patients ont besoin pour g\u00e9rer leur maladie. Elles permettent d\u2019assurer que les soins m\u00e9dicaux correspondent \u00e0 leurs valeurs et buts dans la vie.<\/p>\n<p>Les patients plus jeunes font face \u00e0 une gamme de soucis uniques \u00e0 leur groupe d\u2019\u00e2ge qui les distingue des populations de patients atteints de CCR, historiquement plus \u00e2g\u00e9es. Ils doivent faire face \u00e0 la crainte et au d\u00e9fi d\u2019un avenir non v\u00e9cu et d\u2019une vie pas compl\u00e9t\u00e9e. En plus, ils doivent vivre avec le souci de l\u2019impact de leur mort pr\u00e9matur\u00e9e sur leurs chers. L\u2019analyse qualitative de certains t\u00e9moignages provenant de jeunes patients d\u00e9montre que bien que ceux-ci optent pour des traitements plus agressifs, ils pr\u00e9f\u00e8rent en savoir moins concernant leur pronostic (r\u00e9sultats de leurs maladie). Cependant, ils expriment un besoin criant pour plus de soutien pour accepter leur mortalit\u00e9.<\/p>\n<p>Les jeunes patients requi\u00e8rent plus d\u2019attention et demandent plus de ressources d\u00e9di\u00e9es \u00e0 la reconnaissance et la g\u00e9rance de leurs d\u00e9tresse psychosociale ainsi qu\u2019\u00e0 leurs inqui\u00e9tudes concernant leur spiritualit\u00e9 et leur existence. Ils ont besoin d\u2019aide pour cerner leurs probl\u00e8mes de fertilit\u00e9 et de sexualit\u00e9. Ils recherchent des conseils dans le domaine de la g\u00e9n\u00e9tique, des finances ainsi que du point de vue acad\u00e9mique et de planification professionnelle. Pour arriver \u00e0 l\u2019optimisation des soins m\u00e9dicaux et de bien-\u00eatre pour les patients appartenant \u00e0 cette tranche d\u2019\u00e2ge qui, malheureusement, est \u00e0 la hausse, il va falloir instituer une approche multidisciplinaire d\u2019interventions palliatives et de soutien con\u00e7ue particuli\u00e8rement pour cet \u00e2ge.<\/p>\n","protected":false},"excerpt":{"rendered":"<p>L\u2019incidence du cancer colorectal (CCR) augmente continuellement chez les jeunes adultes qui repr\u00e9sentent un sous-groupe de patients vuln\u00e9rables ayant tendance d\u2019\u00eatre diagnostiqu\u00e9s \u00e0 des stades plus avanc\u00e9s de la maladie. Le fait que le cancer colorectal \u00e0 pr\u00e9sentation pr\u00e9coce devient une r\u00e9alit\u00e9 croissante, exige que l\u2019on se penche sur la <a href=\"https:\/\/www.colorectalcancercanada.com\/fr\/blogue\/les-soins-palliatifs-pour-les-jeunes-adultes-atteints-de-ccr-sont-devenus-une-realite-de-nos-jours\/\">&#8230;<\/a><\/p>\n","protected":false},"author":1,"featured_media":9430,"comment_status":"closed","ping_status":"closed","sticky":false,"template":"","format":"standard","meta":{"_price":"","_stock":"","_tribe_ticket_header":"","_tribe_default_ticket_provider":"","_tribe_ticket_capacity":"0","_ticket_start_date":"","_ticket_end_date":"","_tribe_ticket_show_description":"","_tribe_ticket_show_not_going":false,"_tribe_ticket_use_global_stock":"","_tribe_ticket_global_stock_level":"","_global_stock_mode":"","_global_stock_cap":"","_tribe_rsvp_for_event":"","_tribe_ticket_going_count":"","_tribe_ticket_not_going_count":"","_tribe_tickets_list":"[]","_tribe_ticket_has_attendee_info_fields":false,"footnotes":""},"categories":[42],"tags":[],"class_list":["post-9861","post","type-post","status-publish","format-standard","has-post-thumbnail","hentry","category-blogue"],"_links":{"self":[{"href":"https:\/\/www.colorectalcancercanada.com\/fr\/wp-json\/wp\/v2\/posts\/9861","targetHints":{"allow":["GET"]}}],"collection":[{"href":"https:\/\/www.colorectalcancercanada.com\/fr\/wp-json\/wp\/v2\/posts"}],"about":[{"href":"https:\/\/www.colorectalcancercanada.com\/fr\/wp-json\/wp\/v2\/types\/post"}],"author":[{"embeddable":true,"href":"https:\/\/www.colorectalcancercanada.com\/fr\/wp-json\/wp\/v2\/users\/1"}],"replies":[{"embeddable":true,"href":"https:\/\/www.colorectalcancercanada.com\/fr\/wp-json\/wp\/v2\/comments?post=9861"}],"version-history":[{"count":0,"href":"https:\/\/www.colorectalcancercanada.com\/fr\/wp-json\/wp\/v2\/posts\/9861\/revisions"}],"wp:featuredmedia":[{"embeddable":true,"href":"https:\/\/www.colorectalcancercanada.com\/fr\/wp-json\/wp\/v2\/media\/9430"}],"wp:attachment":[{"href":"https:\/\/www.colorectalcancercanada.com\/fr\/wp-json\/wp\/v2\/media?parent=9861"}],"wp:term":[{"taxonomy":"category","embeddable":true,"href":"https:\/\/www.colorectalcancercanada.com\/fr\/wp-json\/wp\/v2\/categories?post=9861"},{"taxonomy":"post_tag","embeddable":true,"href":"https:\/\/www.colorectalcancercanada.com\/fr\/wp-json\/wp\/v2\/tags?post=9861"}],"curies":[{"name":"wp","href":"https:\/\/api.w.org\/{rel}","templated":true}]}}