{"id":9827,"date":"2019-09-11T10:31:28","date_gmt":"2019-09-11T10:31:28","guid":{"rendered":"https:\/\/colorectalcc.wpengine.com\/non-classifiee\/push-for-your-tush-volunteers-spread-the-word\/"},"modified":"2024-08-06T18:36:10","modified_gmt":"2024-08-06T18:36:10","slug":"les-benevoles-de-bougeons-pour-le-colon-passent-le-mot","status":"publish","type":"post","link":"https:\/\/www.colorectalcancercanada.com\/fr\/blogue\/les-benevoles-de-bougeons-pour-le-colon-passent-le-mot\/","title":{"rendered":"Les b\u00e9n\u00e9voles de Bougeons pour le c\u00f4lon passent le mot"},"content":{"rendered":"<p class=\"p_imgevent\">Les codirecteurs de Bougeons pour le c\u00f4lon \u00e0 Ottawa partagent leurs histoires et parlent de l&rsquo;importance de cet \u00e9v\u00e9nement pour Cancer colorectal Canada.<\/p>\n<div class=\"mt-4 vidembeded\"><embed style=\"max-width: 100%;\" src=\"https:\/\/www.youtube.com\/embed\/xfLeoU5tCf8\" width=\"700\" height=\"400\"><\/embed><\/div>\n","protected":false},"excerpt":{"rendered":"<p>Les codirecteurs de Bougeons pour le c\u00f4lon \u00e0 Ottawa partagent leurs histoires et parlent de l&rsquo;importance de cet \u00e9v\u00e9nement pour Cancer colorectal Canada.<\/p>\n","protected":false},"author":2,"featured_media":9203,"comment_status":"closed","ping_status":"closed","sticky":false,"template":"","format":"standard","meta":{"_price":"","_stock":"","_tribe_ticket_header":"","_tribe_default_ticket_provider":"","_tribe_ticket_capacity":"0","_ticket_start_date":"","_ticket_end_date":"","_tribe_ticket_show_description":"","_tribe_ticket_show_not_going":false,"_tribe_ticket_use_global_stock":"","_tribe_ticket_global_stock_level":"","_global_stock_mode":"","_global_stock_cap":"","_tribe_rsvp_for_event":"","_tribe_ticket_going_count":"","_tribe_ticket_not_going_count":"","_tribe_tickets_list":"[]","_tribe_ticket_has_attendee_info_fields":false,"footnotes":""},"categories":[42],"tags":[],"class_list":["post-9827","post","type-post","status-publish","format-standard","has-post-thumbnail","hentry","category-blogue"],"_links":{"self":[{"href":"https:\/\/www.colorectalcancercanada.com\/fr\/wp-json\/wp\/v2\/posts\/9827","targetHints":{"allow":["GET"]}}],"collection":[{"href":"https:\/\/www.colorectalcancercanada.com\/fr\/wp-json\/wp\/v2\/posts"}],"about":[{"href":"https:\/\/www.colorectalcancercanada.com\/fr\/wp-json\/wp\/v2\/types\/post"}],"author":[{"embeddable":true,"href":"https:\/\/www.colorectalcancercanada.com\/fr\/wp-json\/wp\/v2\/users\/2"}],"replies":[{"embeddable":true,"href":"https:\/\/www.colorectalcancercanada.com\/fr\/wp-json\/wp\/v2\/comments?post=9827"}],"version-history":[{"count":0,"href":"https:\/\/www.colorectalcancercanada.com\/fr\/wp-json\/wp\/v2\/posts\/9827\/revisions"}],"wp:featuredmedia":[{"embeddable":true,"href":"https:\/\/www.colorectalcancercanada.com\/fr\/wp-json\/wp\/v2\/media\/9203"}],"wp:attachment":[{"href":"https:\/\/www.colorectalcancercanada.com\/fr\/wp-json\/wp\/v2\/media?parent=9827"}],"wp:term":[{"taxonomy":"category","embeddable":true,"href":"https:\/\/www.colorectalcancercanada.com\/fr\/wp-json\/wp\/v2\/categories?post=9827"},{"taxonomy":"post_tag","embeddable":true,"href":"https:\/\/www.colorectalcancercanada.com\/fr\/wp-json\/wp\/v2\/tags?post=9827"}],"curies":[{"name":"wp","href":"https:\/\/api.w.org\/{rel}","templated":true}]}}