{"id":8698,"date":"2022-08-24T20:44:47","date_gmt":"2022-08-24T20:44:47","guid":{"rendered":"https:\/\/colorectalcc.wpengine.com\/non-classifiee\/patient-story-jordan\/"},"modified":"2025-06-16T15:20:31","modified_gmt":"2025-06-16T15:20:31","slug":"histoire-de-patient-jordan","status":"publish","type":"post","link":"https:\/\/www.colorectalcancercanada.com\/fr\/recits-blogue\/histoire-de-patient-jordan\/","title":{"rendered":"Histoire de patient: Jordan"},"content":{"rendered":"<p>Pour faire un don: https:\/\/ccc.akaraisin.com\/ui\/bashforhope<\/p>\n<p>\u00ab L\u2019espoir est tout ce dont vous avez besoin. Ne pensez m\u00eame pas \u00e0 abandonner \u00bb: L\u2019histoire de Jordan Gardiner. R\u00e9cemment, nous avons eu le plaisir d\u2019avoir un entretient avec Jordan Gardiner, qui a re\u00e7u un diagnostic de cancer colorectal \u00e0 pr\u00e9sentation pr\u00e9coce (CCR APP). Il nous a fait partager un peu de son v\u00e9cu et de ses exp\u00e9riences concernant son diagnostic et son traitement. Nous esp\u00e9rons que le fait de partager l\u2019histoire de Jordan pourra continuer \u00e0 sensibiliser le public au sujet de l\u2019CCR APP et celui de l\u2019importance de prendre leurs sympt\u00f4mes au s\u00e9rieux, m\u00eame s\u2019ils ont moins de 50 ans!<\/p>\n<p><strong>Parlez-nous un peu de vous! <\/strong><\/p>\n<p>Je m\u2019appelle Jordan Gardiner. J\u2019aurai 31 ans cet \u00e9t\u00e9. Je vis dans une petite ville du Nord de l\u2019Ontario avec ma femme, mes deux chiens et mon lapin. J\u2019\u00e9tais ambulancier param\u00e9dical dans notre ville &#8211; un r\u00eave de toute une vie. J\u2019ai toujours \u00e9t\u00e9 un joueur de volleyball passionn\u00e9 et j\u2019ai jou\u00e9 au volleyball universitaire pendant 5 ans. Je suis aussi atteint de fibrose kystique. Quand j\u2019ai re\u00e7u mon diagnostique de cancer, nous avons d\u00e9cid\u00e9 d\u2019adopter un berger allemand blanc \u2013 Hope. J\u2019adore voyager et faire des voyages annuels \u00e0 Disney avec ma femme depuis 8 ans.<\/p>\n<p><strong>\u00c0 quel \u00e2ge avez-vous re\u00e7u votre diagnostic de cancer colorectal? \u00c9tiez-vous au courant de l\u2019apparition pr\u00e9coce du cancer colorectal avant votre diagnostic? <\/strong><\/p>\n<p>J\u2019ai \u00e9t\u00e9 diagnostiqu\u00e9 un mois apr\u00e8s mon 28e anniversaire et 5 jours avant mon mariage. Je n\u2019\u00e9tais au courant de rien concernant le cancer du c\u00f4lon, si ce n\u2019est que mon grand-oncle en \u00e9tait un r\u00e9cent survivant.<\/p>\n<p><strong>Quels \u00e9taient vos sympt\u00f4mes ? Combien de temps a-t-il fallu pour recevoir un diagnostic de cancer colorectal apr\u00e8s avoir consult\u00e9 un m\u00e9decin pour vos sympt\u00f4mes? <\/strong><\/p>\n<p>J\u2019avais surtout des probl\u00e8mes digestifs et du sang dans mes selles. J\u2019avais perdu l\u2019app\u00e9tit et je perdais du poids rapidement. Comme je vis \u00e9galement avec la fibrose kystique, beaucoup de ces sympt\u00f4mes peuvent \u00e9galement \u00eatre reli\u00e9s \u00e0 cette maladie. J\u2019ai re\u00e7u un diagnostic quelques jours apr\u00e8s mon admission \u00e0 l\u2019h\u00f4pital St.Mike \u00e0 Toronto alors que je me trouvais \u00e0 l\u2019\u00e9tage de la FK.<\/p>\n<p><img decoding=\"async\" class=\"alignnone size-full wp-image-7779\" src=\"https:\/\/www.colorectalcancercanada.com\/app\/uploads\/2022\/08\/Jordan-2.png\" alt=\"\" width=\"828\" height=\"1093\" srcset=\"https:\/\/www.colorectalcancercanada.com\/wp-content\/uploads\/2022\/08\/Jordan-2-200x264.png 200w, https:\/\/www.colorectalcancercanada.com\/wp-content\/uploads\/2022\/08\/Jordan-2-227x300.png 227w, https:\/\/www.colorectalcancercanada.com\/wp-content\/uploads\/2022\/08\/Jordan-2-400x528.png 400w, https:\/\/www.colorectalcancercanada.com\/wp-content\/uploads\/2022\/08\/Jordan-2-600x792.png 600w, https:\/\/www.colorectalcancercanada.com\/wp-content\/uploads\/2022\/08\/Jordan-2-768x1014.png 768w, https:\/\/www.colorectalcancercanada.com\/wp-content\/uploads\/2022\/08\/Jordan-2-776x1024.png 776w, https:\/\/www.colorectalcancercanada.com\/wp-content\/uploads\/2022\/08\/Jordan-2-800x1056.png 800w, https:\/\/www.colorectalcancercanada.com\/wp-content\/uploads\/2022\/08\/Jordan-2.png 828w\" sizes=\"(max-width: 828px) 100vw, 828px\" \/><\/p>\n<p><strong>Quelle a \u00e9t\u00e9 votre exp\u00e9rience de traitement?<\/strong><\/p>\n<p>J\u2019ai eu des m\u00e9decins et des infirmi\u00e8res formidables. Mon traitement a bien commenc\u00e9 et je n\u2019ai pas eu trop d\u2019effets secondaires. Cela fait maintenant presque trois ans de traitement et c\u2019est vraiment de plus en plus difficile.<\/p>\n<p><strong>Y a-t-il eu des lacunes dans l\u2019information au cours de votre diagnostic et de votre traitement contre le cancer? Si vous pouviez changer une chose pour am\u00e9liorer votre traitement et celui des autres, quelle serait-elle? <\/strong><\/p>\n<p>Il n\u2019y a pas grand-chose que je changerais, mais je crois qu\u2019il serait b\u00e9n\u00e9fique d\u2019avoir le lien avec Cancer colorectal Canada tout de suite afin d\u2019obtenir le soutien et l\u2019information qu\u2019ils offrent. J\u2019aimerais aussi que les essais cliniques soient plus faciles \u00e0 comprendre et \u00e0 y participer.<\/p>\n<p><strong>La COVID-19 a-t-elle eu un impact n\u00e9gatif sur votre acc\u00e8s au traitement et aux soins du cancer? <\/strong><strong>Si oui, comment? <\/strong><\/p>\n<p>L\u2019une de mes biopsies a \u00e9t\u00e9 retard\u00e9e de plusieurs semaines et un mois, ce qui a affect\u00e9 mon calendrier de chimioth\u00e9rapie et a permis \u00e0 plus de tumeurs de se d\u00e9velopper dans mes poumons.<\/p>\n<p><strong>Quel message aimeriez-vous transmettre au public au sujet du cancer colorectal \u00e0 pr\u00e9sentation pr\u00e9coce?<\/strong><\/p>\n<p>Je pense qu\u2019il est tr\u00e8s important que les gens soient conscients de certains des sympt\u00f4mes du cancer du c\u00f4lon et qu\u2019ils ne pensent pas qu\u2019il s\u2019agit uniquement d\u2019un cancer qui se retrouve seulement chez personnes \u00e2g\u00e9es. Le cancer ne fait pas de discrimination par rapport \u00e0 l\u2019\u00e2ge. Il est tr\u00e8s important de d\u00e9fendre votre propre sant\u00e9, m\u00eame lorsque les gens vous disent que vous avez peut-\u00eatre tort. Le principe que j\u2019essaie d\u2019appliquer tous les jours est que \u00ab L\u2019espoir est tout ce dont vous avez besoin. N\u2019abandonnez jamais!\u00bb<\/p>\n","protected":false},"excerpt":{"rendered":"<p>Pour faire un don: https:\/\/ccc.akaraisin.com\/ui\/bashforhope \u00ab L\u2019espoir est tout ce dont vous avez besoin. Ne pensez m\u00eame pas \u00e0 abandonner \u00bb: L\u2019histoire de Jordan Gardiner. R\u00e9cemment, nous avons eu le plaisir d\u2019avoir un entretient avec Jordan Gardiner, qui a re\u00e7u un diagnostic de cancer colorectal \u00e0 pr\u00e9sentation pr\u00e9coce (CCR APP). <a href=\"https:\/\/www.colorectalcancercanada.com\/fr\/recits-blogue\/histoire-de-patient-jordan\/\">&#8230;<\/a><\/p>\n","protected":false},"author":1,"featured_media":8618,"comment_status":"closed","ping_status":"closed","sticky":false,"template":"","format":"standard","meta":{"_price":"","_stock":"","_tribe_ticket_header":"","_tribe_default_ticket_provider":"","_tribe_ticket_capacity":"0","_ticket_start_date":"","_ticket_end_date":"","_tribe_ticket_show_description":"","_tribe_ticket_show_not_going":false,"_tribe_ticket_use_global_stock":"","_tribe_ticket_global_stock_level":"","_global_stock_mode":"","_global_stock_cap":"","_tribe_rsvp_for_event":"","_tribe_ticket_going_count":"","_tribe_ticket_not_going_count":"","_tribe_tickets_list":"[]","_tribe_ticket_has_attendee_info_fields":false,"footnotes":""},"categories":[41,324],"tags":[],"class_list":["post-8698","post","type-post","status-publish","format-standard","has-post-thumbnail","hentry","category-recits-blogue","category-screenat45-story-fr"],"_links":{"self":[{"href":"https:\/\/www.colorectalcancercanada.com\/fr\/wp-json\/wp\/v2\/posts\/8698","targetHints":{"allow":["GET"]}}],"collection":[{"href":"https:\/\/www.colorectalcancercanada.com\/fr\/wp-json\/wp\/v2\/posts"}],"about":[{"href":"https:\/\/www.colorectalcancercanada.com\/fr\/wp-json\/wp\/v2\/types\/post"}],"author":[{"embeddable":true,"href":"https:\/\/www.colorectalcancercanada.com\/fr\/wp-json\/wp\/v2\/users\/1"}],"replies":[{"embeddable":true,"href":"https:\/\/www.colorectalcancercanada.com\/fr\/wp-json\/wp\/v2\/comments?post=8698"}],"version-history":[{"count":0,"href":"https:\/\/www.colorectalcancercanada.com\/fr\/wp-json\/wp\/v2\/posts\/8698\/revisions"}],"wp:featuredmedia":[{"embeddable":true,"href":"https:\/\/www.colorectalcancercanada.com\/fr\/wp-json\/wp\/v2\/media\/8618"}],"wp:attachment":[{"href":"https:\/\/www.colorectalcancercanada.com\/fr\/wp-json\/wp\/v2\/media?parent=8698"}],"wp:term":[{"taxonomy":"category","embeddable":true,"href":"https:\/\/www.colorectalcancercanada.com\/fr\/wp-json\/wp\/v2\/categories?post=8698"},{"taxonomy":"post_tag","embeddable":true,"href":"https:\/\/www.colorectalcancercanada.com\/fr\/wp-json\/wp\/v2\/tags?post=8698"}],"curies":[{"name":"wp","href":"https:\/\/api.w.org\/{rel}","templated":true}]}}